{"id":3748,"date":"2025-01-05T14:29:15","date_gmt":"2025-01-05T13:29:15","guid":{"rendered":"https:\/\/www.vom-raeuberschlag.de\/wp\/?p=3748"},"modified":"2025-01-05T14:30:20","modified_gmt":"2025-01-05T13:30:20","slug":"cocker-welpen-im-februar","status":"publish","type":"post","link":"https:\/\/www.vom-raeuberschlag.de\/wp\/?p=3748","title":{"rendered":"Cocker Welpen im Februar"},"content":{"rendered":"\n<p class=\"has-text-align-center\">Voller Spannung und Vorfreude erwarten wir unseren 1. Cocker-Wurf Anfang Februar<br><br>aus unserer jagdlich gef\u00fchrten <strong>Xtraordinary Elsa vom Schlo\u00dfberg<\/strong><br><br>und<br><br>dem tschechischen jagdlich gef\u00fchrten <strong>Bard Sablefrog&#8217;s.<\/strong><br><\/p>\n\n\n\n<figure class=\"wp-block-image size-large\"><img decoding=\"async\" loading=\"lazy\" width=\"1024\" height=\"483\" src=\"https:\/\/www.vom-raeuberschlag.de\/wp\/wp-content\/uploads\/2025\/01\/Wurfplanung-Elsa-x-Bard-1024x483.jpg\" alt=\"\" class=\"wp-image-3749\" srcset=\"https:\/\/www.vom-raeuberschlag.de\/wp\/wp-content\/uploads\/2025\/01\/Wurfplanung-Elsa-x-Bard-1024x483.jpg 1024w, https:\/\/www.vom-raeuberschlag.de\/wp\/wp-content\/uploads\/2025\/01\/Wurfplanung-Elsa-x-Bard-650x306.jpg 650w, https:\/\/www.vom-raeuberschlag.de\/wp\/wp-content\/uploads\/2025\/01\/Wurfplanung-Elsa-x-Bard-768x362.jpg 768w, https:\/\/www.vom-raeuberschlag.de\/wp\/wp-content\/uploads\/2025\/01\/Wurfplanung-Elsa-x-Bard-1536x724.jpg 1536w, https:\/\/www.vom-raeuberschlag.de\/wp\/wp-content\/uploads\/2025\/01\/Wurfplanung-Elsa-x-Bard-2048x965.jpg 2048w\" sizes=\"(max-width: 1024px) 100vw, 1024px\" \/><\/figure>\n\n\n\n<p>Beide Eltern jagen spur- bzw. f\u00e4hrtenlaut und sind im jagdlichen Einsatz.<\/p>\n\n\n\n<p>Wir w\u00fcnschen uns f\u00fcr diesen Wurf jagdlich ambitionierte J\u00e4ger bzw. aktive Hundef\u00fchrer.<\/p>\n\n\n\n<p>Bei Interesse an einem Welpen k\u00f6nnen Sie uns sehr gerne bereits jetzt kontaktieren.<br>015783-588612 oder info@vom-raeuberschlag.de<\/p>\n","protected":false},"excerpt":{"rendered":"<p>Voller Spannung und Vorfreude erwarten wir unseren 1. Cocker-Wurf Anfang Februar aus unserer jagdlich gef\u00fchrten Xtraordinary Elsa vom Schlo\u00dfberg und dem tschechischen jagdlich gef\u00fchrten Bard Sablefrog&#8217;s. Beide Eltern jagen spur- bzw. f\u00e4hrtenlaut und sind im jagdlichen Einsatz. Wir w\u00fcnschen uns <span class=\"excerpt-dots\">&hellip;<\/span> <a class=\"more-link\" href=\"https:\/\/www.vom-raeuberschlag.de\/wp\/?p=3748\"><span class=\"more-msg\">Weiterlesen &rarr;<\/span><\/a><\/p>\n","protected":false},"author":2,"featured_media":0,"comment_status":"closed","ping_status":"open","sticky":false,"template":"","format":"standard","meta":[],"categories":[1,89,6,3],"tags":[90],"_links":{"self":[{"href":"https:\/\/www.vom-raeuberschlag.de\/wp\/index.php?rest_route=\/wp\/v2\/posts\/3748"}],"collection":[{"href":"https:\/\/www.vom-raeuberschlag.de\/wp\/index.php?rest_route=\/wp\/v2\/posts"}],"about":[{"href":"https:\/\/www.vom-raeuberschlag.de\/wp\/index.php?rest_route=\/wp\/v2\/types\/post"}],"author":[{"embeddable":true,"href":"https:\/\/www.vom-raeuberschlag.de\/wp\/index.php?rest_route=\/wp\/v2\/users\/2"}],"replies":[{"embeddable":true,"href":"https:\/\/www.vom-raeuberschlag.de\/wp\/index.php?rest_route=%2Fwp%2Fv2%2Fcomments&post=3748"}],"version-history":[{"count":1,"href":"https:\/\/www.vom-raeuberschlag.de\/wp\/index.php?rest_route=\/wp\/v2\/posts\/3748\/revisions"}],"predecessor-version":[{"id":3750,"href":"https:\/\/www.vom-raeuberschlag.de\/wp\/index.php?rest_route=\/wp\/v2\/posts\/3748\/revisions\/3750"}],"wp:attachment":[{"href":"https:\/\/www.vom-raeuberschlag.de\/wp\/index.php?rest_route=%2Fwp%2Fv2%2Fmedia&parent=3748"}],"wp:term":[{"taxonomy":"category","embeddable":true,"href":"https:\/\/www.vom-raeuberschlag.de\/wp\/index.php?rest_route=%2Fwp%2Fv2%2Fcategories&post=3748"},{"taxonomy":"post_tag","embeddable":true,"href":"https:\/\/www.vom-raeuberschlag.de\/wp\/index.php?rest_route=%2Fwp%2Fv2%2Ftags&post=3748"}],"curies":[{"name":"wp","href":"https:\/\/api.w.org\/{rel}","templated":true}]}}